{"id":257,"date":"2023-11-09T06:06:23","date_gmt":"2023-11-09T05:06:23","guid":{"rendered":"https:\/\/digitalninosice.cz\/blog\/?p=257"},"modified":"2023-11-09T06:06:23","modified_gmt":"2023-11-09T05:06:23","slug":"digiday-predstavila-inovace-v-poradu-chytry-region-na-polar-tv","status":"publish","type":"post","link":"https:\/\/digitalninosice.cz\/blog\/digiday-predstavila-inovace-v-poradu-chytry-region-na-polar-tv\/","title":{"rendered":"DigiDay p\u0159edstavila inovace v po\u0159adu Chytr\u00fd region na Polar TV"},"content":{"rendered":"<div style=\"text-align: center;\"><img loading=\"lazy\" decoding=\"async\" class=\"aligncenter size-full wp-image-259\" src=\"https:\/\/digitalninosice.cz\/blog\/wp-content\/uploads\/2023\/11\/nataceni-ve-firme-digiday.jpg\" alt=\"nat\u00e1\u010den\u00ed ve firm\u011b DigiDay\" width=\"713\" height=\"713\" srcset=\"https:\/\/digitalninosice.cz\/blog\/wp-content\/uploads\/2023\/11\/nataceni-ve-firme-digiday.jpg 713w, https:\/\/digitalninosice.cz\/blog\/wp-content\/uploads\/2023\/11\/nataceni-ve-firme-digiday-300x300.jpg 300w, https:\/\/digitalninosice.cz\/blog\/wp-content\/uploads\/2023\/11\/nataceni-ve-firme-digiday-150x150.jpg 150w, https:\/\/digitalninosice.cz\/blog\/wp-content\/uploads\/2023\/11\/nataceni-ve-firme-digiday-480x480.jpg 480w, https:\/\/digitalninosice.cz\/blog\/wp-content\/uploads\/2023\/11\/nataceni-ve-firme-digiday-540x540.jpg 540w\" sizes=\"(max-width: 713px) 100vw, 713px\" \/><\/div>\n<p>&nbsp;<\/p>\n<p><span style=\"font-weight: 400;\">Na\u0161e<\/span><b> odbornost<\/b><span style=\"font-weight: 400;\"> v oblasti <\/span><b>digitalizace <\/b><span style=\"font-weight: 400;\">je to, co n\u00e1s odli\u0161uje. \u00dasp\u011bchy <\/span><a href=\"https:\/\/www.digiday.cz\/\" target=\"_blank\" rel=\"noopener noreferrer\"><span style=\"font-weight: 400;\">DigiDay<\/span><\/a><span style=\"font-weight: 400;\"> (<\/span><i><span style=\"font-weight: 400;\">odkaz se otev\u00edr\u00e1 do nov\u00e9ho okna<\/span><\/i><span style=\"font-weight: 400;\">) si z\u00edskaly pozornost, co\u017e dokazuje na\u0161e \u00fa\u010dast v renomovan\u00e9m po\u0159adu Chytr\u00fd region, kter\u00fd produkuje a vys\u00edl\u00e1 p\u0159edn\u00ed region\u00e1ln\u00ed<\/span><b> televize<\/b><span style=\"font-weight: 400;\"> v \u010cesk\u00e9 republice<\/span><b> Polar\u00a0TV<\/b><span style=\"font-weight: 400;\">.<\/span><\/p>\n<p><span style=\"font-weight: 400;\">V premi\u00e9rov\u00e9m vys\u00edl\u00e1n\u00ed 26. \u0159\u00edjna 2023 jsme m\u011bli p\u0159\u00edle\u017eitost p\u0159edstavit \u0161irok\u00e9 ve\u0159ejnosti na\u0161e inovace a vizion\u00e1\u0159sk\u00e9 <\/span><b>projekty<\/b><span style=\"font-weight: 400;\">, kter\u00e9 maj\u00ed <\/span><b>ambice<\/b><span style=\"font-weight: 400;\"> formovat budoucnost nejen na\u0161eho regionu.<\/span><\/p>\n<p><span style=\"font-weight: 400;\">Po\u0159ad <\/span><b>Chytr\u00fd<\/b><span style=\"font-weight: 400;\"> region se zam\u011b\u0159uje na prezentaci inovac\u00ed, technologi\u00ed a udr\u017eiteln\u00fdch<\/span><b> \u0159e\u0161en\u00ed<\/b><span style=\"font-weight: 400;\"> firem z\u00a0r\u016fzn\u00fdch obchodn\u00edch sektor\u016f. Jeho c\u00edlem je uk\u00e1zat <\/span><b>m\u00edstn\u00ed<\/b><span style=\"font-weight: 400;\"> podniky, kter\u00e9 sv\u00fdmi <\/span><b>smart <\/b><span style=\"font-weight: 400;\">produkty a slu\u017ebami p\u0159isp\u00edvaj\u00ed k rozvoji spole\u010dnosti. Mezi tyto<\/span><b> inovace <\/b><span style=\"font-weight: 400;\">pat\u0159\u00ed i na\u0161e <\/span><a href=\"https:\/\/www.uredni-deska.eu\/\" target=\"_blank\" rel=\"noopener noreferrer\"><span style=\"font-weight: 400;\">elektronick\u00e9 \u00fa\u0159edn\u00ed desky<\/span><\/a><span style=\"font-weight: 400;\"> (<\/span><i><span style=\"font-weight: 400;\">odkaz se otev\u00edr\u00e1 do nov\u00e9ho okna<\/span><\/i><span style=\"font-weight: 400;\">), dostupn\u00e9 jak ve stojanov\u00e9 variant\u011b, tak coby <\/span><b>n\u00e1st\u011bnn\u00fd panel<\/b><span style=\"font-weight: 400;\">.<\/span><\/p>\n<p><i><span style=\"font-weight: 400;\">&#8222;Na\u0161e spolupr\u00e1ce s Polar TV byla odstartov\u00e1na d\u00edky \u0159ad\u011b \u00fasp\u011b\u0161n\u00fdch digitaliza\u010dn\u00edch projekt\u016f, kter\u00e9 jsme spole\u010dn\u011b realizovali v Moravskoslezsk\u00e9m kraji. Spolu jsme instalovali t\u0159eba informa\u010dn\u00ed <\/span><\/i><b><i>n\u00e1st\u011bnn\u00e9 panely<\/i><\/b><i><span style=\"font-weight: 400;\"> v nemocnici <\/span><\/i><b><i>Opava<\/i><\/b><i><span style=\"font-weight: 400;\">,&#8220;<\/span><\/i><span style=\"font-weight: 400;\"> \u0159\u00edk\u00e1 Martin Klim\u00e1nek, <\/span><b>jednatel<\/b><span style=\"font-weight: 400;\"> na\u0161\u00ed spole\u010dnosti, o p\u0159\u00edle\u017eitostech, kter\u00e9 vedly k nat\u00e1\u010den\u00ed po\u0159adu Chytr\u00fd <\/span><b>region<\/b><span style=\"font-weight: 400;\"> p\u0159\u00edmo v\u00a0na\u0161ich prostor\u00e1ch.<\/span><\/p>\n<p><i><span style=\"font-weight: 400;\">&#8222;Vystoupen\u00ed v Chytr\u00e9m regionu n\u00e1m umo\u017enilo prezentovat na\u0161e <\/span><\/i><b><i>slu\u017eby <\/i><\/b><i><span style=\"font-weight: 400;\">\u0161irok\u00e9 ve\u0159ejnosti a\u00a0z\u00e1rove\u0148 zd\u016fraznit, \u017ee Ostrava je m\u00edstem, kde se rod\u00ed talent a inovace. Je n\u00e1m ct\u00ed, \u017ee jsme\u00a0 mohli reprezentovat DigiDay, Ostravu i cel\u00fd <\/span><\/i><b><i>\u00a0Moravskoslezsk\u00fd<\/i><\/b><i><span style=\"font-weight: 400;\"> kraj v\u00a0tak presti\u017en\u00edm po\u0159adu,&#8220;<\/span><\/i><span style=\"font-weight: 400;\"> komentoval ud\u00e1losti Ing. David Stru\u017eka, jednatel firmy.<\/span><\/p>\n<p><span style=\"font-weight: 400;\">U\u017e te\u010f pl\u00e1nujeme, \u017ee se zapoj\u00edme do v\u00fdznamn\u00e9ho inova\u010dn\u00edho projektu s institucemi v\u00a0Moravskoslezsk\u00e9m kraji, kter\u00e9 se zam\u011b\u0159uj\u00ed na<\/span><b> v\u00fdzkum<\/b><span style=\"font-weight: 400;\"> a v\u00fdvoj<\/span><b>\u00a0(R&amp;D)<\/b><span style=\"font-weight: 400;\">. Tyto kroky budou m\u00edt <\/span><b>pozitivn\u00ed<\/b> <b>vliv <\/b><span style=\"font-weight: 400;\">na digit\u00e1ln\u00ed sc\u00e9nu v cel\u00e9 \u010cesk\u00e9 republice. Sledujte n\u00e1s, abyste byli v\u00a0obraze o\u00a0v\u0161ech d\u016fle\u017eit\u00fdch novink\u00e1ch. Spole\u010dn\u011b tvo\u0159\u00edme <\/span><b>chytr\u00fd<\/b><span style=\"font-weight: 400;\"> region.<\/span><\/p>\n<p><span style=\"font-weight: 400;\">Pod\u00edvejte se na cel\u00fd d\u00edl Chytr\u00e9ho regionu:<\/span><\/p>\n<div style=\"text-align: center;\">\n<video src=\"https:\/\/digitalninosice.cz\/blog\/wp-content\/uploads\/2023\/11\/chytry-region-digiday.mp4\" controls=\"\" loop=\"\" preload=\"auto\"><\/video>\n<\/div>\n","protected":false},"excerpt":{"rendered":"<p>&nbsp; Na\u0161e odbornost v oblasti digitalizace je to, co n\u00e1s odli\u0161uje. \u00dasp\u011bchy DigiDay (odkaz se otev\u00edr\u00e1 do nov\u00e9ho okna) si&#8230;<\/p>\n","protected":false},"author":2,"featured_media":259,"comment_status":"open","ping_status":"open","sticky":false,"template":"","format":"standard","meta":{"footnotes":""},"categories":[1],"tags":[6,17,16],"class_list":["post-257","post","type-post","status-publish","format-standard","has-post-thumbnail","hentry","category-nezarazene","tag-digitalizace","tag-inovace","tag-spoluprace"],"yoast_head":"<!-- This site is optimized with the Yoast SEO plugin v23.3 - https:\/\/yoast.com\/wordpress\/plugins\/seo\/ -->\n<title>DigiDay p\u0159edstavila inovace v po\u0159adu Chytr\u00fd region na Polar TV - Digit\u00e1ln\u00ed Nosi\u010de - blog<\/title>\n<meta name=\"robots\" content=\"index, follow, max-snippet:-1, max-image-preview:large, max-video-preview:-1\" \/>\n<link rel=\"canonical\" href=\"https:\/\/digitalninosice.cz\/blog\/digiday-predstavila-inovace-v-poradu-chytry-region-na-polar-tv\/\" \/>\n<meta property=\"og:locale\" content=\"cs_CZ\" \/>\n<meta property=\"og:type\" content=\"article\" \/>\n<meta property=\"og:title\" content=\"DigiDay p\u0159edstavila inovace v po\u0159adu Chytr\u00fd region na Polar TV - Digit\u00e1ln\u00ed Nosi\u010de - blog\" \/>\n<meta property=\"og:description\" content=\"&nbsp; Na\u0161e odbornost v oblasti digitalizace je to, co n\u00e1s odli\u0161uje. \u00dasp\u011bchy DigiDay (odkaz se otev\u00edr\u00e1 do nov\u00e9ho okna) si...\" \/>\n<meta property=\"og:url\" content=\"https:\/\/digitalninosice.cz\/blog\/digiday-predstavila-inovace-v-poradu-chytry-region-na-polar-tv\/\" \/>\n<meta property=\"og:site_name\" content=\"Digit\u00e1ln\u00ed Nosi\u010de - blog\" \/>\n<meta property=\"article:published_time\" content=\"2023-11-09T05:06:23+00:00\" \/>\n<meta property=\"og:image\" content=\"https:\/\/digitalninosice.cz\/blog\/wp-content\/uploads\/2023\/11\/nataceni-ve-firme-digiday.jpg\" \/>\n\t<meta property=\"og:image:width\" content=\"713\" \/>\n\t<meta property=\"og:image:height\" content=\"713\" \/>\n\t<meta property=\"og:image:type\" content=\"image\/jpeg\" \/>\n<meta name=\"author\" content=\"Digit\u00e1ln\u00ed Nosi\u010de\" \/>\n<meta name=\"twitter:card\" content=\"summary_large_image\" \/>\n<meta name=\"twitter:label1\" content=\"Napsal(a)\" \/>\n\t<meta name=\"twitter:data1\" content=\"Digit\u00e1ln\u00ed Nosi\u010de\" \/>\n\t<meta name=\"twitter:label2\" content=\"Odhadovan\u00e1 doba \u010dten\u00ed\" \/>\n\t<meta name=\"twitter:data2\" content=\"2 minuty\" \/>\n<script type=\"application\/ld+json\" class=\"yoast-schema-graph\">{\"@context\":\"https:\/\/schema.org\",\"@graph\":[{\"@type\":\"Article\",\"@id\":\"https:\/\/digitalninosice.cz\/blog\/digiday-predstavila-inovace-v-poradu-chytry-region-na-polar-tv\/#article\",\"isPartOf\":{\"@id\":\"https:\/\/digitalninosice.cz\/blog\/digiday-predstavila-inovace-v-poradu-chytry-region-na-polar-tv\/\"},\"author\":{\"name\":\"Digit\u00e1ln\u00ed Nosi\u010de\",\"@id\":\"https:\/\/digitalninosice.cz\/blog\/#\/schema\/person\/55e08a71e91c514f0e95279970a7353b\"},\"headline\":\"DigiDay p\u0159edstavila inovace v po\u0159adu Chytr\u00fd region na Polar TV\",\"datePublished\":\"2023-11-09T05:06:23+00:00\",\"dateModified\":\"2023-11-09T05:06:23+00:00\",\"mainEntityOfPage\":{\"@id\":\"https:\/\/digitalninosice.cz\/blog\/digiday-predstavila-inovace-v-poradu-chytry-region-na-polar-tv\/\"},\"wordCount\":398,\"commentCount\":0,\"publisher\":{\"@id\":\"https:\/\/digitalninosice.cz\/blog\/#organization\"},\"image\":{\"@id\":\"https:\/\/digitalninosice.cz\/blog\/digiday-predstavila-inovace-v-poradu-chytry-region-na-polar-tv\/#primaryimage\"},\"thumbnailUrl\":\"https:\/\/digitalninosice.cz\/blog\/wp-content\/uploads\/2023\/11\/nataceni-ve-firme-digiday.jpg\",\"keywords\":[\"digitalizace\",\"inovace\",\"spolupr\u00e1ce\"],\"inLanguage\":\"cs\",\"potentialAction\":[{\"@type\":\"CommentAction\",\"name\":\"Comment\",\"target\":[\"https:\/\/digitalninosice.cz\/blog\/digiday-predstavila-inovace-v-poradu-chytry-region-na-polar-tv\/#respond\"]}]},{\"@type\":\"WebPage\",\"@id\":\"https:\/\/digitalninosice.cz\/blog\/digiday-predstavila-inovace-v-poradu-chytry-region-na-polar-tv\/\",\"url\":\"https:\/\/digitalninosice.cz\/blog\/digiday-predstavila-inovace-v-poradu-chytry-region-na-polar-tv\/\",\"name\":\"DigiDay p\u0159edstavila inovace v po\u0159adu Chytr\u00fd region na Polar TV - Digit\u00e1ln\u00ed Nosi\u010de - blog\",\"isPartOf\":{\"@id\":\"https:\/\/digitalninosice.cz\/blog\/#website\"},\"primaryImageOfPage\":{\"@id\":\"https:\/\/digitalninosice.cz\/blog\/digiday-predstavila-inovace-v-poradu-chytry-region-na-polar-tv\/#primaryimage\"},\"image\":{\"@id\":\"https:\/\/digitalninosice.cz\/blog\/digiday-predstavila-inovace-v-poradu-chytry-region-na-polar-tv\/#primaryimage\"},\"thumbnailUrl\":\"https:\/\/digitalninosice.cz\/blog\/wp-content\/uploads\/2023\/11\/nataceni-ve-firme-digiday.jpg\",\"datePublished\":\"2023-11-09T05:06:23+00:00\",\"dateModified\":\"2023-11-09T05:06:23+00:00\",\"breadcrumb\":{\"@id\":\"https:\/\/digitalninosice.cz\/blog\/digiday-predstavila-inovace-v-poradu-chytry-region-na-polar-tv\/#breadcrumb\"},\"inLanguage\":\"cs\",\"potentialAction\":[{\"@type\":\"ReadAction\",\"target\":[\"https:\/\/digitalninosice.cz\/blog\/digiday-predstavila-inovace-v-poradu-chytry-region-na-polar-tv\/\"]}]},{\"@type\":\"ImageObject\",\"inLanguage\":\"cs\",\"@id\":\"https:\/\/digitalninosice.cz\/blog\/digiday-predstavila-inovace-v-poradu-chytry-region-na-polar-tv\/#primaryimage\",\"url\":\"https:\/\/digitalninosice.cz\/blog\/wp-content\/uploads\/2023\/11\/nataceni-ve-firme-digiday.jpg\",\"contentUrl\":\"https:\/\/digitalninosice.cz\/blog\/wp-content\/uploads\/2023\/11\/nataceni-ve-firme-digiday.jpg\",\"width\":713,\"height\":713,\"caption\":\"nat\u00e1\u010den\u00ed ve firm\u011b DigiDay\"},{\"@type\":\"BreadcrumbList\",\"@id\":\"https:\/\/digitalninosice.cz\/blog\/digiday-predstavila-inovace-v-poradu-chytry-region-na-polar-tv\/#breadcrumb\",\"itemListElement\":[{\"@type\":\"ListItem\",\"position\":1,\"name\":\"Home\",\"item\":\"https:\/\/digitalninosice.cz\/blog\/\"},{\"@type\":\"ListItem\",\"position\":2,\"name\":\"DigiDay p\u0159edstavila inovace v po\u0159adu Chytr\u00fd region na Polar TV\"}]},{\"@type\":\"WebSite\",\"@id\":\"https:\/\/digitalninosice.cz\/blog\/#website\",\"url\":\"https:\/\/digitalninosice.cz\/blog\/\",\"name\":\"Digit\u00e1ln\u00ed Nosi\u010de - blog\",\"description\":\"Digit\u00e1ln\u00ed Nosi\u010de - blog\",\"publisher\":{\"@id\":\"https:\/\/digitalninosice.cz\/blog\/#organization\"},\"potentialAction\":[{\"@type\":\"SearchAction\",\"target\":{\"@type\":\"EntryPoint\",\"urlTemplate\":\"https:\/\/digitalninosice.cz\/blog\/?s={search_term_string}\"},\"query-input\":\"required name=search_term_string\"}],\"inLanguage\":\"cs\"},{\"@type\":\"Organization\",\"@id\":\"https:\/\/digitalninosice.cz\/blog\/#organization\",\"name\":\"Digit\u00e1ln\u00ed Nosi\u010de - blog\",\"url\":\"https:\/\/digitalninosice.cz\/blog\/\",\"logo\":{\"@type\":\"ImageObject\",\"inLanguage\":\"cs\",\"@id\":\"https:\/\/digitalninosice.cz\/blog\/#\/schema\/logo\/image\/\",\"url\":\"https:\/\/digitalninosice.cz\/blog\/wp-content\/uploads\/2020\/04\/logo_1.png\",\"contentUrl\":\"https:\/\/digitalninosice.cz\/blog\/wp-content\/uploads\/2020\/04\/logo_1.png\",\"width\":200,\"height\":50,\"caption\":\"Digit\u00e1ln\u00ed Nosi\u010de - blog\"},\"image\":{\"@id\":\"https:\/\/digitalninosice.cz\/blog\/#\/schema\/logo\/image\/\"}},{\"@type\":\"Person\",\"@id\":\"https:\/\/digitalninosice.cz\/blog\/#\/schema\/person\/55e08a71e91c514f0e95279970a7353b\",\"name\":\"Digit\u00e1ln\u00ed Nosi\u010de\",\"image\":{\"@type\":\"ImageObject\",\"inLanguage\":\"cs\",\"@id\":\"https:\/\/digitalninosice.cz\/blog\/#\/schema\/person\/image\/\",\"url\":\"https:\/\/secure.gravatar.com\/avatar\/804e23134c65d762b7e330994a187a08?s=96&d=mm&r=g\",\"contentUrl\":\"https:\/\/secure.gravatar.com\/avatar\/804e23134c65d762b7e330994a187a08?s=96&d=mm&r=g\",\"caption\":\"Digit\u00e1ln\u00ed Nosi\u010de\"},\"url\":\"https:\/\/digitalninosice.cz\/blog\/author\/digitalninosice\/\"}]}<\/script>\n<!-- \/ Yoast SEO plugin. -->","yoast_head_json":{"title":"DigiDay p\u0159edstavila inovace v po\u0159adu Chytr\u00fd region na Polar TV - Digit\u00e1ln\u00ed Nosi\u010de - blog","robots":{"index":"index","follow":"follow","max-snippet":"max-snippet:-1","max-image-preview":"max-image-preview:large","max-video-preview":"max-video-preview:-1"},"canonical":"https:\/\/digitalninosice.cz\/blog\/digiday-predstavila-inovace-v-poradu-chytry-region-na-polar-tv\/","og_locale":"cs_CZ","og_type":"article","og_title":"DigiDay p\u0159edstavila inovace v po\u0159adu Chytr\u00fd region na Polar TV - Digit\u00e1ln\u00ed Nosi\u010de - blog","og_description":"&nbsp; Na\u0161e odbornost v oblasti digitalizace je to, co n\u00e1s odli\u0161uje. \u00dasp\u011bchy DigiDay (odkaz se otev\u00edr\u00e1 do nov\u00e9ho okna) si...","og_url":"https:\/\/digitalninosice.cz\/blog\/digiday-predstavila-inovace-v-poradu-chytry-region-na-polar-tv\/","og_site_name":"Digit\u00e1ln\u00ed Nosi\u010de - blog","article_published_time":"2023-11-09T05:06:23+00:00","og_image":[{"width":713,"height":713,"url":"https:\/\/digitalninosice.cz\/blog\/wp-content\/uploads\/2023\/11\/nataceni-ve-firme-digiday.jpg","type":"image\/jpeg"}],"author":"Digit\u00e1ln\u00ed Nosi\u010de","twitter_card":"summary_large_image","twitter_misc":{"Napsal(a)":"Digit\u00e1ln\u00ed Nosi\u010de","Odhadovan\u00e1 doba \u010dten\u00ed":"2 minuty"},"schema":{"@context":"https:\/\/schema.org","@graph":[{"@type":"Article","@id":"https:\/\/digitalninosice.cz\/blog\/digiday-predstavila-inovace-v-poradu-chytry-region-na-polar-tv\/#article","isPartOf":{"@id":"https:\/\/digitalninosice.cz\/blog\/digiday-predstavila-inovace-v-poradu-chytry-region-na-polar-tv\/"},"author":{"name":"Digit\u00e1ln\u00ed Nosi\u010de","@id":"https:\/\/digitalninosice.cz\/blog\/#\/schema\/person\/55e08a71e91c514f0e95279970a7353b"},"headline":"DigiDay p\u0159edstavila inovace v po\u0159adu Chytr\u00fd region na Polar TV","datePublished":"2023-11-09T05:06:23+00:00","dateModified":"2023-11-09T05:06:23+00:00","mainEntityOfPage":{"@id":"https:\/\/digitalninosice.cz\/blog\/digiday-predstavila-inovace-v-poradu-chytry-region-na-polar-tv\/"},"wordCount":398,"commentCount":0,"publisher":{"@id":"https:\/\/digitalninosice.cz\/blog\/#organization"},"image":{"@id":"https:\/\/digitalninosice.cz\/blog\/digiday-predstavila-inovace-v-poradu-chytry-region-na-polar-tv\/#primaryimage"},"thumbnailUrl":"https:\/\/digitalninosice.cz\/blog\/wp-content\/uploads\/2023\/11\/nataceni-ve-firme-digiday.jpg","keywords":["digitalizace","inovace","spolupr\u00e1ce"],"inLanguage":"cs","potentialAction":[{"@type":"CommentAction","name":"Comment","target":["https:\/\/digitalninosice.cz\/blog\/digiday-predstavila-inovace-v-poradu-chytry-region-na-polar-tv\/#respond"]}]},{"@type":"WebPage","@id":"https:\/\/digitalninosice.cz\/blog\/digiday-predstavila-inovace-v-poradu-chytry-region-na-polar-tv\/","url":"https:\/\/digitalninosice.cz\/blog\/digiday-predstavila-inovace-v-poradu-chytry-region-na-polar-tv\/","name":"DigiDay p\u0159edstavila inovace v po\u0159adu Chytr\u00fd region na Polar TV - Digit\u00e1ln\u00ed Nosi\u010de - blog","isPartOf":{"@id":"https:\/\/digitalninosice.cz\/blog\/#website"},"primaryImageOfPage":{"@id":"https:\/\/digitalninosice.cz\/blog\/digiday-predstavila-inovace-v-poradu-chytry-region-na-polar-tv\/#primaryimage"},"image":{"@id":"https:\/\/digitalninosice.cz\/blog\/digiday-predstavila-inovace-v-poradu-chytry-region-na-polar-tv\/#primaryimage"},"thumbnailUrl":"https:\/\/digitalninosice.cz\/blog\/wp-content\/uploads\/2023\/11\/nataceni-ve-firme-digiday.jpg","datePublished":"2023-11-09T05:06:23+00:00","dateModified":"2023-11-09T05:06:23+00:00","breadcrumb":{"@id":"https:\/\/digitalninosice.cz\/blog\/digiday-predstavila-inovace-v-poradu-chytry-region-na-polar-tv\/#breadcrumb"},"inLanguage":"cs","potentialAction":[{"@type":"ReadAction","target":["https:\/\/digitalninosice.cz\/blog\/digiday-predstavila-inovace-v-poradu-chytry-region-na-polar-tv\/"]}]},{"@type":"ImageObject","inLanguage":"cs","@id":"https:\/\/digitalninosice.cz\/blog\/digiday-predstavila-inovace-v-poradu-chytry-region-na-polar-tv\/#primaryimage","url":"https:\/\/digitalninosice.cz\/blog\/wp-content\/uploads\/2023\/11\/nataceni-ve-firme-digiday.jpg","contentUrl":"https:\/\/digitalninosice.cz\/blog\/wp-content\/uploads\/2023\/11\/nataceni-ve-firme-digiday.jpg","width":713,"height":713,"caption":"nat\u00e1\u010den\u00ed ve firm\u011b DigiDay"},{"@type":"BreadcrumbList","@id":"https:\/\/digitalninosice.cz\/blog\/digiday-predstavila-inovace-v-poradu-chytry-region-na-polar-tv\/#breadcrumb","itemListElement":[{"@type":"ListItem","position":1,"name":"Home","item":"https:\/\/digitalninosice.cz\/blog\/"},{"@type":"ListItem","position":2,"name":"DigiDay p\u0159edstavila inovace v po\u0159adu Chytr\u00fd region na Polar TV"}]},{"@type":"WebSite","@id":"https:\/\/digitalninosice.cz\/blog\/#website","url":"https:\/\/digitalninosice.cz\/blog\/","name":"Digit\u00e1ln\u00ed Nosi\u010de - blog","description":"Digit\u00e1ln\u00ed Nosi\u010de - blog","publisher":{"@id":"https:\/\/digitalninosice.cz\/blog\/#organization"},"potentialAction":[{"@type":"SearchAction","target":{"@type":"EntryPoint","urlTemplate":"https:\/\/digitalninosice.cz\/blog\/?s={search_term_string}"},"query-input":"required name=search_term_string"}],"inLanguage":"cs"},{"@type":"Organization","@id":"https:\/\/digitalninosice.cz\/blog\/#organization","name":"Digit\u00e1ln\u00ed Nosi\u010de - blog","url":"https:\/\/digitalninosice.cz\/blog\/","logo":{"@type":"ImageObject","inLanguage":"cs","@id":"https:\/\/digitalninosice.cz\/blog\/#\/schema\/logo\/image\/","url":"https:\/\/digitalninosice.cz\/blog\/wp-content\/uploads\/2020\/04\/logo_1.png","contentUrl":"https:\/\/digitalninosice.cz\/blog\/wp-content\/uploads\/2020\/04\/logo_1.png","width":200,"height":50,"caption":"Digit\u00e1ln\u00ed Nosi\u010de - blog"},"image":{"@id":"https:\/\/digitalninosice.cz\/blog\/#\/schema\/logo\/image\/"}},{"@type":"Person","@id":"https:\/\/digitalninosice.cz\/blog\/#\/schema\/person\/55e08a71e91c514f0e95279970a7353b","name":"Digit\u00e1ln\u00ed Nosi\u010de","image":{"@type":"ImageObject","inLanguage":"cs","@id":"https:\/\/digitalninosice.cz\/blog\/#\/schema\/person\/image\/","url":"https:\/\/secure.gravatar.com\/avatar\/804e23134c65d762b7e330994a187a08?s=96&d=mm&r=g","contentUrl":"https:\/\/secure.gravatar.com\/avatar\/804e23134c65d762b7e330994a187a08?s=96&d=mm&r=g","caption":"Digit\u00e1ln\u00ed Nosi\u010de"},"url":"https:\/\/digitalninosice.cz\/blog\/author\/digitalninosice\/"}]}},"_links":{"self":[{"href":"https:\/\/digitalninosice.cz\/blog\/wp-json\/wp\/v2\/posts\/257"}],"collection":[{"href":"https:\/\/digitalninosice.cz\/blog\/wp-json\/wp\/v2\/posts"}],"about":[{"href":"https:\/\/digitalninosice.cz\/blog\/wp-json\/wp\/v2\/types\/post"}],"author":[{"embeddable":true,"href":"https:\/\/digitalninosice.cz\/blog\/wp-json\/wp\/v2\/users\/2"}],"replies":[{"embeddable":true,"href":"https:\/\/digitalninosice.cz\/blog\/wp-json\/wp\/v2\/comments?post=257"}],"version-history":[{"count":1,"href":"https:\/\/digitalninosice.cz\/blog\/wp-json\/wp\/v2\/posts\/257\/revisions"}],"predecessor-version":[{"id":260,"href":"https:\/\/digitalninosice.cz\/blog\/wp-json\/wp\/v2\/posts\/257\/revisions\/260"}],"wp:featuredmedia":[{"embeddable":true,"href":"https:\/\/digitalninosice.cz\/blog\/wp-json\/wp\/v2\/media\/259"}],"wp:attachment":[{"href":"https:\/\/digitalninosice.cz\/blog\/wp-json\/wp\/v2\/media?parent=257"}],"wp:term":[{"taxonomy":"category","embeddable":true,"href":"https:\/\/digitalninosice.cz\/blog\/wp-json\/wp\/v2\/categories?post=257"},{"taxonomy":"post_tag","embeddable":true,"href":"https:\/\/digitalninosice.cz\/blog\/wp-json\/wp\/v2\/tags?post=257"}],"curies":[{"name":"wp","href":"https:\/\/api.w.org\/{rel}","templated":true}]}}