{"id":352,"date":"2024-06-24T09:40:10","date_gmt":"2024-06-24T07:40:10","guid":{"rendered":"https:\/\/digitalninosice.cz\/blog\/?p=352"},"modified":"2024-06-24T09:48:54","modified_gmt":"2024-06-24T07:48:54","slug":"prezentace-na-konferencich-apums-sr","status":"publish","type":"post","link":"https:\/\/digitalninosice.cz\/blog\/prezentace-na-konferencich-apums-sr\/","title":{"rendered":"Prezentace na konferenc\u00edch AP\u00daMS SR"},"content":{"rendered":"<p>Kolegov\u00e9 z <strong>WEBY GROUP, s.r.o.<\/strong> vyhotovili p\u011bkn\u00fd souhrn na\u0161ich dosavadn\u00edch spole\u010dn\u00fdch \u00fa\u010dast\u00ed na AP\u00daMS SR, kde jsme jednotn\u011b <strong>prezentovali elektronick\u00e9 \u00fa\u0159edn\u00ed desky<\/strong>.Je tedy nam\u00edst\u011b spole\u010dn\u00e9 aktivity p\u0159edstavit i v\u00e1m.<\/p>\n<p><strong>Asociace vedouc\u00edch pracovn\u00edk\u016f \u00fa\u0159ad\u016f \u00fazemn\u00ed samospr\u00e1vy Slovensk\u00e9 republiky<\/strong> (d\u00e1le jen AP\u00daMS SR) pom\u00e1h\u00e1 sv\u00fdm \u010dlen\u016fm, ale i dal\u0161\u00edm vedouc\u00edm pracovn\u00edk\u016fm \u00fa\u0159ad\u016f v jejich profesn\u00edm r\u016fstu a odborn\u00e9m vzd\u011bl\u00e1v\u00e1n\u00ed tak, aby zvl\u00e1dali n\u00e1ro\u010dn\u00e9 \u00fakoly ve\u0159ejn\u00e9 spr\u00e1vy ve prosp\u011bch jej\u00edho kvalitn\u00edho fungov\u00e1n\u00ed a k pot\u011b\u0161e ob\u010dan\u016f. Za t\u00edmto \u00fa\u010delem po\u0159\u00e1d\u00e1 nejr\u016fzn\u011bj\u0161\u00ed akce a jednou z nich je rovn\u011b\u017e <strong>Odborn\u00e1 konference AP\u00daMS SR<\/strong>.<\/p>\n<p><img loading=\"lazy\" decoding=\"async\" src=\"https:\/\/digitalninosice.cz\/blog\/wp-content\/uploads\/2024\/06\/weby-01.jpg\" alt=\"\" width=\"1000\" height=\"764\" class=\"aligncenter size-full wp-image-355\" srcset=\"https:\/\/digitalninosice.cz\/blog\/wp-content\/uploads\/2024\/06\/weby-01.jpg 1000w, https:\/\/digitalninosice.cz\/blog\/wp-content\/uploads\/2024\/06\/weby-01-300x229.jpg 300w, https:\/\/digitalninosice.cz\/blog\/wp-content\/uploads\/2024\/06\/weby-01-960x733.jpg 960w, https:\/\/digitalninosice.cz\/blog\/wp-content\/uploads\/2024\/06\/weby-01-768x587.jpg 768w, https:\/\/digitalninosice.cz\/blog\/wp-content\/uploads\/2024\/06\/weby-01-480x367.jpg 480w, https:\/\/digitalninosice.cz\/blog\/wp-content\/uploads\/2024\/06\/weby-01-540x413.jpg 540w, https:\/\/digitalninosice.cz\/blog\/wp-content\/uploads\/2024\/06\/weby-01-720x550.jpg 720w\" sizes=\"(max-width: 1000px) 100vw, 1000px\" \/><\/p>\n<h5>AP\u00daMS SR (b\u0159ezen 2024)<\/h5>\n<p>Spole\u010dnosti <strong>WEBY GROUP a DigiDay<\/strong> byly sou\u010d\u00e1st\u00ed 33. ro\u010dn\u00edku jarn\u00ed odborn\u00e9 konference AP\u00daMS SR. \u00da\u010dastn\u00edk\u016fm jsme p\u0159edstavili v\u00fdhody specializovan\u00fdch webov\u00fdch \u0159e\u0161en\u00ed pro samospr\u00e1vy. Z aktu\u00e1ln\u00edch dopl\u0148k\u016f SMART komunikace byl obrovsk\u00fd z\u00e1jem o propojen\u00ed webu s na\u0161im KIOSKEM &#8211; Interaktivn\u00ed elektronickou \u00fa\u0159edn\u00ed deskou.<\/p>\n<p><em><strong>Efektivn\u00ed propojen\u00ed webov\u00fdch str\u00e1nek s KIOSKEM:<\/strong><\/em><\/p>\n<ul>\n<li>Obohacuje komunikaci a slu\u017eby samospr\u00e1v<\/li>\n<li>Zvy\u0161uje dostupnost informac\u00ed pro ob\u010dany<\/li>\n<li>A z\u00e1rove\u0148 se jedn\u00e1 o atraktivn\u00ed a u\u017eivatelsky p\u0159\u00edv\u011btiv\u00e9 \u0159e\u0161en\u00ed<\/li>\n<\/ul>\n<p>Pod\u011bkov\u00e1n\u00ed pat\u0159\u00ed p\u0159edev\u0161\u00edm organiz\u00e1tor\u016fm konference, kter\u00e1 jako v\u017edy prob\u011bhla v p\u0159\u00edjemn\u00e9 atmosf\u00e9\u0159e a jako ji\u017e mnohokr\u00e1t p\u0159edt\u00edm m\u011bla bohat\u00fd odborn\u00fd program. D\u011bkujeme rovn\u011b\u017e v\u0161em \u00fa\u010dastn\u00edk\u016fm za jejich z\u00e1jem a pozitivn\u00ed ohlasy.<\/p>\n<p><img loading=\"lazy\" decoding=\"async\" src=\"https:\/\/digitalninosice.cz\/blog\/wp-content\/uploads\/2024\/06\/weby-02.jpg\" alt=\"\" width=\"930\" height=\"689\" class=\"aligncenter size-full wp-image-356\" srcset=\"https:\/\/digitalninosice.cz\/blog\/wp-content\/uploads\/2024\/06\/weby-02.jpg 930w, https:\/\/digitalninosice.cz\/blog\/wp-content\/uploads\/2024\/06\/weby-02-300x222.jpg 300w, https:\/\/digitalninosice.cz\/blog\/wp-content\/uploads\/2024\/06\/weby-02-768x569.jpg 768w, https:\/\/digitalninosice.cz\/blog\/wp-content\/uploads\/2024\/06\/weby-02-480x356.jpg 480w, https:\/\/digitalninosice.cz\/blog\/wp-content\/uploads\/2024\/06\/weby-02-540x400.jpg 540w, https:\/\/digitalninosice.cz\/blog\/wp-content\/uploads\/2024\/06\/weby-02-720x533.jpg 720w\" sizes=\"(max-width: 930px) 100vw, 930px\" \/><\/p>\n<h5>AP\u00daMS SR (\u0159\u00edjen 2023)<\/h5>\n<p>V \u0159\u00edjnu jsme se ji\u017e tradi\u010dn\u011b z\u00fa\u010dastnili setk\u00e1n\u00ed AP\u00daMS v hotelu Permon v Podbansk\u00e9m. Jsme nad\u0161eni, \u017ee na\u0161e sou\u010dasn\u00e9 <strong>grafick\u00e9 \u0159e\u0161en\u00ed webov\u00fdch str\u00e1nek<\/strong> bylo na sympoziu dob\u0159e p\u0159ijato.\n<\/p>\n<p>\u00da\u010dastn\u00edci setk\u00e1n\u00ed pozitivn\u011b hodnotili to, \u017ee mohou vyu\u017e\u00edvat SMART komunikaci <strong>od jednoho dodavatele v jednom syst\u00e9mu<\/strong>. I zde starostov\u00e9 a tajemn\u00edci projevily o KIOSEK &#8211; interaktivn\u00ed elektronickou \u00fa\u0159edn\u00ed desku &#8211; z\u00e1jem. Mohli si jej vyzkou\u0161et p\u0159\u00edmo na m\u00edst\u011b a p\u0159esv\u011bd\u010dit se o ve\u0161ker\u00fdch jeho v\u00fdhod\u00e1ch.\n<\/p>\n<h5>AP\u00daMS SR (b\u0159ezen 2023)<\/h5>\n<p>V b\u0159eznu jsme se jako partne\u0159i z\u00fa\u010dastnili zased\u00e1n\u00ed <strong>Asociace vedouc\u00edch pracovn\u00edk\u016f \u00fa\u0159ad\u016f \u00fazemn\u00ed samospr\u00e1vy Slovensk\u00e9 republiky<\/strong>. Prezentovali jsme zde na\u0161e <strong>specializovan\u00e1 \u0159e\u0161en\u00ed webov\u00fdch str\u00e1nek a modern\u00edch SMART komunika\u010dn\u00edch dopl\u0148k\u016f<\/strong> pro samospr\u00e1vy. \u00da\u010dastn\u00edci si na m\u00edst\u011b mohli vyzkou\u0161et nejnov\u011bj\u0161\u00ed model interaktivn\u00ed elektronick\u00e9 \u00fa\u0159edn\u00ed desky.\n<\/p>\n<h5>AP\u00daMS SR (\u0159\u00edjen 2022)<\/h5>\n<p>Coby <strong>nejv\u011bt\u0161\u00ed dodavatel\u00e9 a provozovatel\u00e9 webov\u00fdch str\u00e1nek pro m\u011bsta a obce na Slovensku<\/strong> jsme se z\u00fa\u010dastnili slavnostn\u00edho 30. ro\u010dn\u00edku odborn\u00e9 konference AP\u00daMS SR. Na konferenci jsme p\u0159edstavili nov\u00fd model E\u00daD (elektronick\u00e9 \u00fa\u0159edn\u00ed desky). \u00da\u010dastn\u00edci konference si <strong>mohli na m\u00edst\u011b zkusit<\/strong>, co toto inovativn\u00ed \u0159e\u0161en\u00ed v praxi p\u0159in\u00e1\u0161\u00ed samospr\u00e1v\u00e1m a ob\u010dan\u016fm. Prob\u011bhla konkr\u00e9tn\u00ed <strong>prezentace m\u011bsta Vr\u00e1ble<\/strong>, kter\u00e9 ji\u017e propojilo sv\u00e9 webov\u00e9 str\u00e1nky s elektronickou \u00fa\u0159edn\u00ed deskou.<\/p>\n","protected":false},"excerpt":{"rendered":"<p>Kolegov\u00e9 z WEBY GROUP, s.r.o. vyhotovili p\u011bkn\u00fd souhrn na\u0161ich dosavadn\u00edch spole\u010dn\u00fdch \u00fa\u010dast\u00ed na AP\u00daMS SR, kde jsme jednotn\u011b prezentovali elektronick\u00e9&#8230;<\/p>\n","protected":false},"author":2,"featured_media":353,"comment_status":"open","ping_status":"open","sticky":false,"template":"","format":"standard","meta":{"footnotes":""},"categories":[1],"tags":[],"class_list":["post-352","post","type-post","status-publish","format-standard","has-post-thumbnail","hentry","category-nezarazene"],"yoast_head":"<!-- This site is optimized with the Yoast SEO plugin v23.3 - https:\/\/yoast.com\/wordpress\/plugins\/seo\/ -->\n<title>Prezentace na konferenc\u00edch AP\u00daMS SR - Digit\u00e1ln\u00ed Nosi\u010de - blog<\/title>\n<meta name=\"robots\" content=\"index, follow, max-snippet:-1, max-image-preview:large, max-video-preview:-1\" \/>\n<link rel=\"canonical\" href=\"https:\/\/digitalninosice.cz\/blog\/prezentace-na-konferencich-apums-sr\/\" \/>\n<meta property=\"og:locale\" content=\"cs_CZ\" \/>\n<meta property=\"og:type\" content=\"article\" \/>\n<meta property=\"og:title\" content=\"Prezentace na konferenc\u00edch AP\u00daMS SR - Digit\u00e1ln\u00ed Nosi\u010de - blog\" \/>\n<meta property=\"og:description\" content=\"Kolegov\u00e9 z WEBY GROUP, s.r.o. vyhotovili p\u011bkn\u00fd souhrn na\u0161ich dosavadn\u00edch spole\u010dn\u00fdch \u00fa\u010dast\u00ed na AP\u00daMS SR, kde jsme jednotn\u011b prezentovali elektronick\u00e9...\" \/>\n<meta property=\"og:url\" content=\"https:\/\/digitalninosice.cz\/blog\/prezentace-na-konferencich-apums-sr\/\" \/>\n<meta property=\"og:site_name\" content=\"Digit\u00e1ln\u00ed Nosi\u010de - blog\" \/>\n<meta property=\"article:published_time\" content=\"2024-06-24T07:40:10+00:00\" \/>\n<meta property=\"article:modified_time\" content=\"2024-06-24T07:48:54+00:00\" \/>\n<meta property=\"og:image\" content=\"https:\/\/digitalninosice.cz\/blog\/wp-content\/uploads\/2024\/06\/uvodni.jpg\" \/>\n\t<meta property=\"og:image:width\" content=\"801\" \/>\n\t<meta property=\"og:image:height\" content=\"801\" \/>\n\t<meta property=\"og:image:type\" content=\"image\/jpeg\" \/>\n<meta name=\"author\" content=\"Digit\u00e1ln\u00ed Nosi\u010de\" \/>\n<meta name=\"twitter:card\" content=\"summary_large_image\" \/>\n<meta name=\"twitter:label1\" content=\"Napsal(a)\" \/>\n\t<meta name=\"twitter:data1\" content=\"Digit\u00e1ln\u00ed Nosi\u010de\" \/>\n\t<meta name=\"twitter:label2\" content=\"Odhadovan\u00e1 doba \u010dten\u00ed\" \/>\n\t<meta name=\"twitter:data2\" content=\"3 minuty\" \/>\n<script type=\"application\/ld+json\" class=\"yoast-schema-graph\">{\"@context\":\"https:\/\/schema.org\",\"@graph\":[{\"@type\":\"Article\",\"@id\":\"https:\/\/digitalninosice.cz\/blog\/prezentace-na-konferencich-apums-sr\/#article\",\"isPartOf\":{\"@id\":\"https:\/\/digitalninosice.cz\/blog\/prezentace-na-konferencich-apums-sr\/\"},\"author\":{\"name\":\"Digit\u00e1ln\u00ed Nosi\u010de\",\"@id\":\"https:\/\/digitalninosice.cz\/blog\/#\/schema\/person\/55e08a71e91c514f0e95279970a7353b\"},\"headline\":\"Prezentace na konferenc\u00edch AP\u00daMS SR\",\"datePublished\":\"2024-06-24T07:40:10+00:00\",\"dateModified\":\"2024-06-24T07:48:54+00:00\",\"mainEntityOfPage\":{\"@id\":\"https:\/\/digitalninosice.cz\/blog\/prezentace-na-konferencich-apums-sr\/\"},\"wordCount\":560,\"commentCount\":0,\"publisher\":{\"@id\":\"https:\/\/digitalninosice.cz\/blog\/#organization\"},\"image\":{\"@id\":\"https:\/\/digitalninosice.cz\/blog\/prezentace-na-konferencich-apums-sr\/#primaryimage\"},\"thumbnailUrl\":\"https:\/\/digitalninosice.cz\/blog\/wp-content\/uploads\/2024\/06\/uvodni.jpg\",\"inLanguage\":\"cs\",\"potentialAction\":[{\"@type\":\"CommentAction\",\"name\":\"Comment\",\"target\":[\"https:\/\/digitalninosice.cz\/blog\/prezentace-na-konferencich-apums-sr\/#respond\"]}]},{\"@type\":\"WebPage\",\"@id\":\"https:\/\/digitalninosice.cz\/blog\/prezentace-na-konferencich-apums-sr\/\",\"url\":\"https:\/\/digitalninosice.cz\/blog\/prezentace-na-konferencich-apums-sr\/\",\"name\":\"Prezentace na konferenc\u00edch AP\u00daMS SR - Digit\u00e1ln\u00ed Nosi\u010de - blog\",\"isPartOf\":{\"@id\":\"https:\/\/digitalninosice.cz\/blog\/#website\"},\"primaryImageOfPage\":{\"@id\":\"https:\/\/digitalninosice.cz\/blog\/prezentace-na-konferencich-apums-sr\/#primaryimage\"},\"image\":{\"@id\":\"https:\/\/digitalninosice.cz\/blog\/prezentace-na-konferencich-apums-sr\/#primaryimage\"},\"thumbnailUrl\":\"https:\/\/digitalninosice.cz\/blog\/wp-content\/uploads\/2024\/06\/uvodni.jpg\",\"datePublished\":\"2024-06-24T07:40:10+00:00\",\"dateModified\":\"2024-06-24T07:48:54+00:00\",\"breadcrumb\":{\"@id\":\"https:\/\/digitalninosice.cz\/blog\/prezentace-na-konferencich-apums-sr\/#breadcrumb\"},\"inLanguage\":\"cs\",\"potentialAction\":[{\"@type\":\"ReadAction\",\"target\":[\"https:\/\/digitalninosice.cz\/blog\/prezentace-na-konferencich-apums-sr\/\"]}]},{\"@type\":\"ImageObject\",\"inLanguage\":\"cs\",\"@id\":\"https:\/\/digitalninosice.cz\/blog\/prezentace-na-konferencich-apums-sr\/#primaryimage\",\"url\":\"https:\/\/digitalninosice.cz\/blog\/wp-content\/uploads\/2024\/06\/uvodni.jpg\",\"contentUrl\":\"https:\/\/digitalninosice.cz\/blog\/wp-content\/uploads\/2024\/06\/uvodni.jpg\",\"width\":801,\"height\":801},{\"@type\":\"BreadcrumbList\",\"@id\":\"https:\/\/digitalninosice.cz\/blog\/prezentace-na-konferencich-apums-sr\/#breadcrumb\",\"itemListElement\":[{\"@type\":\"ListItem\",\"position\":1,\"name\":\"Home\",\"item\":\"https:\/\/digitalninosice.cz\/blog\/\"},{\"@type\":\"ListItem\",\"position\":2,\"name\":\"Prezentace na konferenc\u00edch AP\u00daMS SR\"}]},{\"@type\":\"WebSite\",\"@id\":\"https:\/\/digitalninosice.cz\/blog\/#website\",\"url\":\"https:\/\/digitalninosice.cz\/blog\/\",\"name\":\"Digit\u00e1ln\u00ed Nosi\u010de - blog\",\"description\":\"Digit\u00e1ln\u00ed Nosi\u010de - blog\",\"publisher\":{\"@id\":\"https:\/\/digitalninosice.cz\/blog\/#organization\"},\"potentialAction\":[{\"@type\":\"SearchAction\",\"target\":{\"@type\":\"EntryPoint\",\"urlTemplate\":\"https:\/\/digitalninosice.cz\/blog\/?s={search_term_string}\"},\"query-input\":\"required name=search_term_string\"}],\"inLanguage\":\"cs\"},{\"@type\":\"Organization\",\"@id\":\"https:\/\/digitalninosice.cz\/blog\/#organization\",\"name\":\"Digit\u00e1ln\u00ed Nosi\u010de - blog\",\"url\":\"https:\/\/digitalninosice.cz\/blog\/\",\"logo\":{\"@type\":\"ImageObject\",\"inLanguage\":\"cs\",\"@id\":\"https:\/\/digitalninosice.cz\/blog\/#\/schema\/logo\/image\/\",\"url\":\"https:\/\/digitalninosice.cz\/blog\/wp-content\/uploads\/2020\/04\/logo_1.png\",\"contentUrl\":\"https:\/\/digitalninosice.cz\/blog\/wp-content\/uploads\/2020\/04\/logo_1.png\",\"width\":200,\"height\":50,\"caption\":\"Digit\u00e1ln\u00ed Nosi\u010de - blog\"},\"image\":{\"@id\":\"https:\/\/digitalninosice.cz\/blog\/#\/schema\/logo\/image\/\"}},{\"@type\":\"Person\",\"@id\":\"https:\/\/digitalninosice.cz\/blog\/#\/schema\/person\/55e08a71e91c514f0e95279970a7353b\",\"name\":\"Digit\u00e1ln\u00ed Nosi\u010de\",\"image\":{\"@type\":\"ImageObject\",\"inLanguage\":\"cs\",\"@id\":\"https:\/\/digitalninosice.cz\/blog\/#\/schema\/person\/image\/\",\"url\":\"https:\/\/secure.gravatar.com\/avatar\/804e23134c65d762b7e330994a187a08?s=96&d=mm&r=g\",\"contentUrl\":\"https:\/\/secure.gravatar.com\/avatar\/804e23134c65d762b7e330994a187a08?s=96&d=mm&r=g\",\"caption\":\"Digit\u00e1ln\u00ed Nosi\u010de\"},\"url\":\"https:\/\/digitalninosice.cz\/blog\/author\/digitalninosice\/\"}]}<\/script>\n<!-- \/ Yoast SEO plugin. -->","yoast_head_json":{"title":"Prezentace na konferenc\u00edch AP\u00daMS SR - Digit\u00e1ln\u00ed Nosi\u010de - blog","robots":{"index":"index","follow":"follow","max-snippet":"max-snippet:-1","max-image-preview":"max-image-preview:large","max-video-preview":"max-video-preview:-1"},"canonical":"https:\/\/digitalninosice.cz\/blog\/prezentace-na-konferencich-apums-sr\/","og_locale":"cs_CZ","og_type":"article","og_title":"Prezentace na konferenc\u00edch AP\u00daMS SR - Digit\u00e1ln\u00ed Nosi\u010de - blog","og_description":"Kolegov\u00e9 z WEBY GROUP, s.r.o. vyhotovili p\u011bkn\u00fd souhrn na\u0161ich dosavadn\u00edch spole\u010dn\u00fdch \u00fa\u010dast\u00ed na AP\u00daMS SR, kde jsme jednotn\u011b prezentovali elektronick\u00e9...","og_url":"https:\/\/digitalninosice.cz\/blog\/prezentace-na-konferencich-apums-sr\/","og_site_name":"Digit\u00e1ln\u00ed Nosi\u010de - blog","article_published_time":"2024-06-24T07:40:10+00:00","article_modified_time":"2024-06-24T07:48:54+00:00","og_image":[{"width":801,"height":801,"url":"https:\/\/digitalninosice.cz\/blog\/wp-content\/uploads\/2024\/06\/uvodni.jpg","type":"image\/jpeg"}],"author":"Digit\u00e1ln\u00ed Nosi\u010de","twitter_card":"summary_large_image","twitter_misc":{"Napsal(a)":"Digit\u00e1ln\u00ed Nosi\u010de","Odhadovan\u00e1 doba \u010dten\u00ed":"3 minuty"},"schema":{"@context":"https:\/\/schema.org","@graph":[{"@type":"Article","@id":"https:\/\/digitalninosice.cz\/blog\/prezentace-na-konferencich-apums-sr\/#article","isPartOf":{"@id":"https:\/\/digitalninosice.cz\/blog\/prezentace-na-konferencich-apums-sr\/"},"author":{"name":"Digit\u00e1ln\u00ed Nosi\u010de","@id":"https:\/\/digitalninosice.cz\/blog\/#\/schema\/person\/55e08a71e91c514f0e95279970a7353b"},"headline":"Prezentace na konferenc\u00edch AP\u00daMS SR","datePublished":"2024-06-24T07:40:10+00:00","dateModified":"2024-06-24T07:48:54+00:00","mainEntityOfPage":{"@id":"https:\/\/digitalninosice.cz\/blog\/prezentace-na-konferencich-apums-sr\/"},"wordCount":560,"commentCount":0,"publisher":{"@id":"https:\/\/digitalninosice.cz\/blog\/#organization"},"image":{"@id":"https:\/\/digitalninosice.cz\/blog\/prezentace-na-konferencich-apums-sr\/#primaryimage"},"thumbnailUrl":"https:\/\/digitalninosice.cz\/blog\/wp-content\/uploads\/2024\/06\/uvodni.jpg","inLanguage":"cs","potentialAction":[{"@type":"CommentAction","name":"Comment","target":["https:\/\/digitalninosice.cz\/blog\/prezentace-na-konferencich-apums-sr\/#respond"]}]},{"@type":"WebPage","@id":"https:\/\/digitalninosice.cz\/blog\/prezentace-na-konferencich-apums-sr\/","url":"https:\/\/digitalninosice.cz\/blog\/prezentace-na-konferencich-apums-sr\/","name":"Prezentace na konferenc\u00edch AP\u00daMS SR - Digit\u00e1ln\u00ed Nosi\u010de - blog","isPartOf":{"@id":"https:\/\/digitalninosice.cz\/blog\/#website"},"primaryImageOfPage":{"@id":"https:\/\/digitalninosice.cz\/blog\/prezentace-na-konferencich-apums-sr\/#primaryimage"},"image":{"@id":"https:\/\/digitalninosice.cz\/blog\/prezentace-na-konferencich-apums-sr\/#primaryimage"},"thumbnailUrl":"https:\/\/digitalninosice.cz\/blog\/wp-content\/uploads\/2024\/06\/uvodni.jpg","datePublished":"2024-06-24T07:40:10+00:00","dateModified":"2024-06-24T07:48:54+00:00","breadcrumb":{"@id":"https:\/\/digitalninosice.cz\/blog\/prezentace-na-konferencich-apums-sr\/#breadcrumb"},"inLanguage":"cs","potentialAction":[{"@type":"ReadAction","target":["https:\/\/digitalninosice.cz\/blog\/prezentace-na-konferencich-apums-sr\/"]}]},{"@type":"ImageObject","inLanguage":"cs","@id":"https:\/\/digitalninosice.cz\/blog\/prezentace-na-konferencich-apums-sr\/#primaryimage","url":"https:\/\/digitalninosice.cz\/blog\/wp-content\/uploads\/2024\/06\/uvodni.jpg","contentUrl":"https:\/\/digitalninosice.cz\/blog\/wp-content\/uploads\/2024\/06\/uvodni.jpg","width":801,"height":801},{"@type":"BreadcrumbList","@id":"https:\/\/digitalninosice.cz\/blog\/prezentace-na-konferencich-apums-sr\/#breadcrumb","itemListElement":[{"@type":"ListItem","position":1,"name":"Home","item":"https:\/\/digitalninosice.cz\/blog\/"},{"@type":"ListItem","position":2,"name":"Prezentace na konferenc\u00edch AP\u00daMS SR"}]},{"@type":"WebSite","@id":"https:\/\/digitalninosice.cz\/blog\/#website","url":"https:\/\/digitalninosice.cz\/blog\/","name":"Digit\u00e1ln\u00ed Nosi\u010de - blog","description":"Digit\u00e1ln\u00ed Nosi\u010de - blog","publisher":{"@id":"https:\/\/digitalninosice.cz\/blog\/#organization"},"potentialAction":[{"@type":"SearchAction","target":{"@type":"EntryPoint","urlTemplate":"https:\/\/digitalninosice.cz\/blog\/?s={search_term_string}"},"query-input":"required name=search_term_string"}],"inLanguage":"cs"},{"@type":"Organization","@id":"https:\/\/digitalninosice.cz\/blog\/#organization","name":"Digit\u00e1ln\u00ed Nosi\u010de - blog","url":"https:\/\/digitalninosice.cz\/blog\/","logo":{"@type":"ImageObject","inLanguage":"cs","@id":"https:\/\/digitalninosice.cz\/blog\/#\/schema\/logo\/image\/","url":"https:\/\/digitalninosice.cz\/blog\/wp-content\/uploads\/2020\/04\/logo_1.png","contentUrl":"https:\/\/digitalninosice.cz\/blog\/wp-content\/uploads\/2020\/04\/logo_1.png","width":200,"height":50,"caption":"Digit\u00e1ln\u00ed Nosi\u010de - blog"},"image":{"@id":"https:\/\/digitalninosice.cz\/blog\/#\/schema\/logo\/image\/"}},{"@type":"Person","@id":"https:\/\/digitalninosice.cz\/blog\/#\/schema\/person\/55e08a71e91c514f0e95279970a7353b","name":"Digit\u00e1ln\u00ed Nosi\u010de","image":{"@type":"ImageObject","inLanguage":"cs","@id":"https:\/\/digitalninosice.cz\/blog\/#\/schema\/person\/image\/","url":"https:\/\/secure.gravatar.com\/avatar\/804e23134c65d762b7e330994a187a08?s=96&d=mm&r=g","contentUrl":"https:\/\/secure.gravatar.com\/avatar\/804e23134c65d762b7e330994a187a08?s=96&d=mm&r=g","caption":"Digit\u00e1ln\u00ed Nosi\u010de"},"url":"https:\/\/digitalninosice.cz\/blog\/author\/digitalninosice\/"}]}},"_links":{"self":[{"href":"https:\/\/digitalninosice.cz\/blog\/wp-json\/wp\/v2\/posts\/352"}],"collection":[{"href":"https:\/\/digitalninosice.cz\/blog\/wp-json\/wp\/v2\/posts"}],"about":[{"href":"https:\/\/digitalninosice.cz\/blog\/wp-json\/wp\/v2\/types\/post"}],"author":[{"embeddable":true,"href":"https:\/\/digitalninosice.cz\/blog\/wp-json\/wp\/v2\/users\/2"}],"replies":[{"embeddable":true,"href":"https:\/\/digitalninosice.cz\/blog\/wp-json\/wp\/v2\/comments?post=352"}],"version-history":[{"count":4,"href":"https:\/\/digitalninosice.cz\/blog\/wp-json\/wp\/v2\/posts\/352\/revisions"}],"predecessor-version":[{"id":359,"href":"https:\/\/digitalninosice.cz\/blog\/wp-json\/wp\/v2\/posts\/352\/revisions\/359"}],"wp:featuredmedia":[{"embeddable":true,"href":"https:\/\/digitalninosice.cz\/blog\/wp-json\/wp\/v2\/media\/353"}],"wp:attachment":[{"href":"https:\/\/digitalninosice.cz\/blog\/wp-json\/wp\/v2\/media?parent=352"}],"wp:term":[{"taxonomy":"category","embeddable":true,"href":"https:\/\/digitalninosice.cz\/blog\/wp-json\/wp\/v2\/categories?post=352"},{"taxonomy":"post_tag","embeddable":true,"href":"https:\/\/digitalninosice.cz\/blog\/wp-json\/wp\/v2\/tags?post=352"}],"curies":[{"name":"wp","href":"https:\/\/api.w.org\/{rel}","templated":true}]}}